{"id":17434,"date":"2026-04-30T15:35:40","date_gmt":"2026-04-30T15:35:40","guid":{"rendered":"https:\/\/cofesan.com\/?p=17434"},"modified":"2026-04-30T15:35:40","modified_gmt":"2026-04-30T15:35:40","slug":"cocina-nordica","status":"publish","type":"post","link":"https:\/\/cofesan.com\/index.php\/2026\/04\/30\/cocina-nordica\/","title":{"rendered":"COCINA N\u00d3RDICA"},"content":{"rendered":"<h2 data-start=\"1535\" data-end=\"1584\"><\/h2>\n<h1 data-start=\"305\" data-end=\"394\"><strong data-start=\"307\" data-end=\"394\">Cocina\u00a0<\/strong><strong data-start=\"307\" data-end=\"394\">e<\/strong><strong data-start=\"307\" data-end=\"394\">stilo industrial n\u00f3rdico: equilibrio perfecto entre calidez y funcionalidad<\/strong><\/h1>\n<p data-start=\"396\" data-end=\"709\">La cocina se ha convertido en uno de los espacios m\u00e1s importantes del hogar: un lugar donde no solo se cocina, sino donde se comparte, se trabaja y se vive. La imagen que presentamos refleja a la perfecci\u00f3n c\u00f3mo el dise\u00f1o interior actual puede combinar <strong data-start=\"649\" data-end=\"687\">est\u00e9tica, comodidad y personalidad<\/strong> en un mismo ambiente.<\/p>\n<h2 data-start=\"711\" data-end=\"758\"><strong data-start=\"714\" data-end=\"758\">Una cocina luminosa que respira amplitud<\/strong><\/h2>\n<p data-start=\"760\" data-end=\"1078\">Lo primero que destaca es la abundante luz natural que entra a trav\u00e9s del gran ventanal lateral. Esta iluminaci\u00f3n potencia los tonos claros del mobiliario y crea una atm\u00f3sfera acogedora, relajante y amplia. La elecci\u00f3n de paredes y suelos en colores neutros ayuda a que el espacio se sienta a\u00fan m\u00e1s grande y armonioso.<\/p>\n<h2 data-start=\"1080\" data-end=\"1148\"><strong data-start=\"1083\" data-end=\"1148\">Muebles con acabado envejecido: car\u00e1cter sin perder elegancia<\/strong><\/h2>\n<p data-start=\"1150\" data-end=\"1420\">El mobiliario de la cocina presenta un atractivo estilo <strong data-start=\"1206\" data-end=\"1228\">r\u00fastico envejecido<\/strong>, con acabados decapados que aportan textura y autenticidad. Estos tonos claros de madera combinan con encimeras de aspecto natural, logrando un equilibrio entre lo vintage y lo contempor\u00e1neo.<\/p>\n<h2 data-start=\"1535\" data-end=\"1584\"><strong data-start=\"1538\" data-end=\"1584\">Detalles industriales que marcan tendencia<\/strong><\/h2>\n<p data-start=\"1586\" data-end=\"1858\">Las l\u00e1mparas colgantes met\u00e1licas un aire <strong data-start=\"1692\" data-end=\"1714\">industrial moderno<\/strong>, muy en tendencia en el dise\u00f1o de cocinas actuales. Esta fusi\u00f3n entre lo n\u00f3rdico y lo industrial crea un ambiente \u00fanico, atractivo y funcional.<\/p>\n<p data-start=\"1860\" data-end=\"2028\">Adem\u00e1s, elementos como los utensilios expuestos, las baldas abiertas y la combinaci\u00f3n de metales aportan personalidad y hacen que la cocina se sienta vivida y pr\u00e1ctica.<\/p>\n<h2 data-start=\"2030\" data-end=\"2070\"><strong data-start=\"2033\" data-end=\"2070\">Una cocina pensada para disfrutar<\/strong><\/h2>\n<p data-start=\"2072\" data-end=\"2320\">El espacio incluye una amplia mesa de madera con bancos, ideal para desayunos en familia, reuniones informales o incluso como apoyo para cocinar. Su dise\u00f1o sencillo encaja perfectamente con el resto del ambiente, aportando comodidad y versatilidad.<\/p>\n<p data-start=\"2322\" data-end=\"2472\">La presencia de peque\u00f1os detalles \u2014como frascos, tazas, tablas de corte o especieros\u2014 a\u00f1ade calidez y humaniza el entorno, haci\u00e9ndolo acogedor y real.<\/p>\n<h2 data-start=\"2474\" data-end=\"2544\"><strong data-start=\"2477\" data-end=\"2544\">Conclusi\u00f3n: un dise\u00f1o que combina estilo, calidez y practicidad<\/strong><\/h2>\n<p data-start=\"2546\" data-end=\"2845\">Esta cocina es un ejemplo perfecto de c\u00f3mo integrar <strong data-start=\"2598\" data-end=\"2638\">est\u00e9tica, funcionalidad y buen gusto<\/strong>. El uso de materiales naturales, la luz abundante y los detalles industriales logran un ambiente equilibrado y atractivo, ideal para quienes buscan un estilo moderno sin renunciar al toque c\u00e1lido del hogar.<\/p>\n","protected":false},"excerpt":{"rendered":"<p>Cocina\u00a0estilo industrial n\u00f3rdico: equilibrio perfecto entre calidez y funcionalidad La cocina se ha convertido en uno de los espacios m\u00e1s importantes del hogar: un lugar donde no solo se cocina, sino donde se comparte, se trabaja y se vive. La imagen que presentamos refleja a la perfecci\u00f3n c\u00f3mo el dise\u00f1o interior actual puede combinar est\u00e9tica, [&hellip;]<\/p>\n","protected":false},"author":1,"featured_media":17058,"comment_status":"open","ping_status":"closed","sticky":false,"template":"","format":"standard","meta":{"_jetpack_memberships_contains_paid_content":false,"footnotes":""},"categories":[2],"tags":[],"class_list":["post-17434","post","type-post","status-publish","format-standard","has-post-thumbnail","hentry","category-cocinas"],"yoast_head":"<!-- This site is optimized with the Yoast SEO plugin v27.5 - https:\/\/yoast.com\/product\/yoast-seo-wordpress\/ -->\n<title>COCINA N\u00d3RDICA - Cocinas Cofesan<\/title>\n<meta name=\"robots\" content=\"index, follow, max-snippet:-1, max-image-preview:large, max-video-preview:-1\" \/>\n<link rel=\"canonical\" href=\"https:\/\/cofesan.com\/index.php\/2026\/04\/30\/cocina-nordica\/\" \/>\n<meta property=\"og:locale\" content=\"es_ES\" \/>\n<meta property=\"og:type\" content=\"article\" \/>\n<meta property=\"og:title\" content=\"COCINA N\u00d3RDICA - Cocinas Cofesan\" \/>\n<meta property=\"og:description\" content=\"Cocina\u00a0estilo industrial n\u00f3rdico: equilibrio perfecto entre calidez y funcionalidad La cocina se ha convertido en uno de los espacios m\u00e1s importantes del hogar: un lugar donde no solo se cocina, sino donde se comparte, se trabaja y se vive. La imagen que presentamos refleja a la perfecci\u00f3n c\u00f3mo el dise\u00f1o interior actual puede combinar est\u00e9tica, [&hellip;]\" \/>\n<meta property=\"og:url\" content=\"https:\/\/cofesan.com\/index.php\/2026\/04\/30\/cocina-nordica\/\" \/>\n<meta property=\"og:site_name\" content=\"Cocinas Cofesan\" \/>\n<meta property=\"article:published_time\" content=\"2026-04-30T15:35:40+00:00\" \/>\n<meta property=\"og:image\" content=\"https:\/\/cofesan.com\/wp-content\/uploads\/2025\/12\/26-Instagram.jpg\" \/>\n\t<meta property=\"og:image:width\" content=\"1200\" \/>\n\t<meta property=\"og:image:height\" content=\"786\" \/>\n\t<meta property=\"og:image:type\" content=\"image\/jpeg\" \/>\n<meta name=\"author\" content=\"admin\" \/>\n<meta name=\"twitter:card\" content=\"summary_large_image\" \/>\n<meta name=\"twitter:label1\" content=\"Escrito por\" \/>\n\t<meta name=\"twitter:data1\" content=\"admin\" \/>\n\t<meta name=\"twitter:label2\" content=\"Tiempo de lectura\" \/>\n\t<meta name=\"twitter:data2\" content=\"2 minutos\" \/>\n<script type=\"application\/ld+json\" class=\"yoast-schema-graph\">{\"@context\":\"https:\\\/\\\/schema.org\",\"@graph\":[{\"@type\":\"Article\",\"@id\":\"https:\\\/\\\/cofesan.com\\\/index.php\\\/2026\\\/04\\\/30\\\/cocina-nordica\\\/#article\",\"isPartOf\":{\"@id\":\"https:\\\/\\\/cofesan.com\\\/index.php\\\/2026\\\/04\\\/30\\\/cocina-nordica\\\/\"},\"author\":{\"name\":\"admin\",\"@id\":\"https:\\\/\\\/cofesan.com\\\/#\\\/schema\\\/person\\\/b474ef51687eb5eb4cbef435c1cc3df9\"},\"headline\":\"COCINA N\u00d3RDICA\",\"datePublished\":\"2026-04-30T15:35:40+00:00\",\"mainEntityOfPage\":{\"@id\":\"https:\\\/\\\/cofesan.com\\\/index.php\\\/2026\\\/04\\\/30\\\/cocina-nordica\\\/\"},\"wordCount\":389,\"commentCount\":0,\"publisher\":{\"@id\":\"https:\\\/\\\/cofesan.com\\\/#organization\"},\"image\":{\"@id\":\"https:\\\/\\\/cofesan.com\\\/index.php\\\/2026\\\/04\\\/30\\\/cocina-nordica\\\/#primaryimage\"},\"thumbnailUrl\":\"https:\\\/\\\/cofesan.com\\\/wp-content\\\/uploads\\\/2025\\\/12\\\/26-Instagram.jpg\",\"articleSection\":[\"Cocinas\"],\"inLanguage\":\"es\",\"potentialAction\":[{\"@type\":\"CommentAction\",\"name\":\"Comment\",\"target\":[\"https:\\\/\\\/cofesan.com\\\/index.php\\\/2026\\\/04\\\/30\\\/cocina-nordica\\\/#respond\"]}]},{\"@type\":\"WebPage\",\"@id\":\"https:\\\/\\\/cofesan.com\\\/index.php\\\/2026\\\/04\\\/30\\\/cocina-nordica\\\/\",\"url\":\"https:\\\/\\\/cofesan.com\\\/index.php\\\/2026\\\/04\\\/30\\\/cocina-nordica\\\/\",\"name\":\"COCINA N\u00d3RDICA - Cocinas Cofesan\",\"isPartOf\":{\"@id\":\"https:\\\/\\\/cofesan.com\\\/#website\"},\"primaryImageOfPage\":{\"@id\":\"https:\\\/\\\/cofesan.com\\\/index.php\\\/2026\\\/04\\\/30\\\/cocina-nordica\\\/#primaryimage\"},\"image\":{\"@id\":\"https:\\\/\\\/cofesan.com\\\/index.php\\\/2026\\\/04\\\/30\\\/cocina-nordica\\\/#primaryimage\"},\"thumbnailUrl\":\"https:\\\/\\\/cofesan.com\\\/wp-content\\\/uploads\\\/2025\\\/12\\\/26-Instagram.jpg\",\"datePublished\":\"2026-04-30T15:35:40+00:00\",\"breadcrumb\":{\"@id\":\"https:\\\/\\\/cofesan.com\\\/index.php\\\/2026\\\/04\\\/30\\\/cocina-nordica\\\/#breadcrumb\"},\"inLanguage\":\"es\",\"potentialAction\":[{\"@type\":\"ReadAction\",\"target\":[\"https:\\\/\\\/cofesan.com\\\/index.php\\\/2026\\\/04\\\/30\\\/cocina-nordica\\\/\"]}]},{\"@type\":\"ImageObject\",\"inLanguage\":\"es\",\"@id\":\"https:\\\/\\\/cofesan.com\\\/index.php\\\/2026\\\/04\\\/30\\\/cocina-nordica\\\/#primaryimage\",\"url\":\"https:\\\/\\\/cofesan.com\\\/wp-content\\\/uploads\\\/2025\\\/12\\\/26-Instagram.jpg\",\"contentUrl\":\"https:\\\/\\\/cofesan.com\\\/wp-content\\\/uploads\\\/2025\\\/12\\\/26-Instagram.jpg\",\"width\":1200,\"height\":786},{\"@type\":\"BreadcrumbList\",\"@id\":\"https:\\\/\\\/cofesan.com\\\/index.php\\\/2026\\\/04\\\/30\\\/cocina-nordica\\\/#breadcrumb\",\"itemListElement\":[{\"@type\":\"ListItem\",\"position\":1,\"name\":\"Portada\",\"item\":\"https:\\\/\\\/cofesan.com\\\/\"},{\"@type\":\"ListItem\",\"position\":2,\"name\":\"COCINA N\u00d3RDICA\"}]},{\"@type\":\"WebSite\",\"@id\":\"https:\\\/\\\/cofesan.com\\\/#website\",\"url\":\"https:\\\/\\\/cofesan.com\\\/\",\"name\":\"Cocinas Cofesan\",\"description\":\"Fabricante de muebles de cocina, armarios y ba\u00f1os\",\"publisher\":{\"@id\":\"https:\\\/\\\/cofesan.com\\\/#organization\"},\"potentialAction\":[{\"@type\":\"SearchAction\",\"target\":{\"@type\":\"EntryPoint\",\"urlTemplate\":\"https:\\\/\\\/cofesan.com\\\/?s={search_term_string}\"},\"query-input\":{\"@type\":\"PropertyValueSpecification\",\"valueRequired\":true,\"valueName\":\"search_term_string\"}}],\"inLanguage\":\"es\"},{\"@type\":\"Organization\",\"@id\":\"https:\\\/\\\/cofesan.com\\\/#organization\",\"name\":\"Cocinas Cofesan\",\"url\":\"https:\\\/\\\/cofesan.com\\\/\",\"logo\":{\"@type\":\"ImageObject\",\"inLanguage\":\"es\",\"@id\":\"https:\\\/\\\/cofesan.com\\\/#\\\/schema\\\/logo\\\/image\\\/\",\"url\":\"https:\\\/\\\/cofesan.com\\\/wp-content\\\/uploads\\\/2023\\\/03\\\/cropped-LOGOGESTOR-01-e1770757743939.gif\",\"contentUrl\":\"https:\\\/\\\/cofesan.com\\\/wp-content\\\/uploads\\\/2023\\\/03\\\/cropped-LOGOGESTOR-01-e1770757743939.gif\",\"width\":312,\"height\":312,\"caption\":\"Cocinas Cofesan\"},\"image\":{\"@id\":\"https:\\\/\\\/cofesan.com\\\/#\\\/schema\\\/logo\\\/image\\\/\"}},{\"@type\":\"Person\",\"@id\":\"https:\\\/\\\/cofesan.com\\\/#\\\/schema\\\/person\\\/b474ef51687eb5eb4cbef435c1cc3df9\",\"name\":\"admin\",\"image\":{\"@type\":\"ImageObject\",\"inLanguage\":\"es\",\"@id\":\"https:\\\/\\\/secure.gravatar.com\\\/avatar\\\/929934a252ce80810c0bc1e5c2e1eb43268b713e2bc2e73eaf224108e35e2a7b?s=96&d=mm&r=g\",\"url\":\"https:\\\/\\\/secure.gravatar.com\\\/avatar\\\/929934a252ce80810c0bc1e5c2e1eb43268b713e2bc2e73eaf224108e35e2a7b?s=96&d=mm&r=g\",\"contentUrl\":\"https:\\\/\\\/secure.gravatar.com\\\/avatar\\\/929934a252ce80810c0bc1e5c2e1eb43268b713e2bc2e73eaf224108e35e2a7b?s=96&d=mm&r=g\",\"caption\":\"admin\"},\"sameAs\":[\"https:\\\/\\\/cofesan.com\"],\"url\":\"https:\\\/\\\/cofesan.com\\\/index.php\\\/author\\\/oficina_z6dbnpme\\\/\"}]}<\/script>\n<!-- \/ Yoast SEO plugin. -->","yoast_head_json":{"title":"COCINA N\u00d3RDICA - Cocinas Cofesan","robots":{"index":"index","follow":"follow","max-snippet":"max-snippet:-1","max-image-preview":"max-image-preview:large","max-video-preview":"max-video-preview:-1"},"canonical":"https:\/\/cofesan.com\/index.php\/2026\/04\/30\/cocina-nordica\/","og_locale":"es_ES","og_type":"article","og_title":"COCINA N\u00d3RDICA - Cocinas Cofesan","og_description":"Cocina\u00a0estilo industrial n\u00f3rdico: equilibrio perfecto entre calidez y funcionalidad La cocina se ha convertido en uno de los espacios m\u00e1s importantes del hogar: un lugar donde no solo se cocina, sino donde se comparte, se trabaja y se vive. La imagen que presentamos refleja a la perfecci\u00f3n c\u00f3mo el dise\u00f1o interior actual puede combinar est\u00e9tica, [&hellip;]","og_url":"https:\/\/cofesan.com\/index.php\/2026\/04\/30\/cocina-nordica\/","og_site_name":"Cocinas Cofesan","article_published_time":"2026-04-30T15:35:40+00:00","og_image":[{"width":1200,"height":786,"url":"https:\/\/cofesan.com\/wp-content\/uploads\/2025\/12\/26-Instagram.jpg","type":"image\/jpeg"}],"author":"admin","twitter_card":"summary_large_image","twitter_misc":{"Escrito por":"admin","Tiempo de lectura":"2 minutos"},"schema":{"@context":"https:\/\/schema.org","@graph":[{"@type":"Article","@id":"https:\/\/cofesan.com\/index.php\/2026\/04\/30\/cocina-nordica\/#article","isPartOf":{"@id":"https:\/\/cofesan.com\/index.php\/2026\/04\/30\/cocina-nordica\/"},"author":{"name":"admin","@id":"https:\/\/cofesan.com\/#\/schema\/person\/b474ef51687eb5eb4cbef435c1cc3df9"},"headline":"COCINA N\u00d3RDICA","datePublished":"2026-04-30T15:35:40+00:00","mainEntityOfPage":{"@id":"https:\/\/cofesan.com\/index.php\/2026\/04\/30\/cocina-nordica\/"},"wordCount":389,"commentCount":0,"publisher":{"@id":"https:\/\/cofesan.com\/#organization"},"image":{"@id":"https:\/\/cofesan.com\/index.php\/2026\/04\/30\/cocina-nordica\/#primaryimage"},"thumbnailUrl":"https:\/\/cofesan.com\/wp-content\/uploads\/2025\/12\/26-Instagram.jpg","articleSection":["Cocinas"],"inLanguage":"es","potentialAction":[{"@type":"CommentAction","name":"Comment","target":["https:\/\/cofesan.com\/index.php\/2026\/04\/30\/cocina-nordica\/#respond"]}]},{"@type":"WebPage","@id":"https:\/\/cofesan.com\/index.php\/2026\/04\/30\/cocina-nordica\/","url":"https:\/\/cofesan.com\/index.php\/2026\/04\/30\/cocina-nordica\/","name":"COCINA N\u00d3RDICA - Cocinas Cofesan","isPartOf":{"@id":"https:\/\/cofesan.com\/#website"},"primaryImageOfPage":{"@id":"https:\/\/cofesan.com\/index.php\/2026\/04\/30\/cocina-nordica\/#primaryimage"},"image":{"@id":"https:\/\/cofesan.com\/index.php\/2026\/04\/30\/cocina-nordica\/#primaryimage"},"thumbnailUrl":"https:\/\/cofesan.com\/wp-content\/uploads\/2025\/12\/26-Instagram.jpg","datePublished":"2026-04-30T15:35:40+00:00","breadcrumb":{"@id":"https:\/\/cofesan.com\/index.php\/2026\/04\/30\/cocina-nordica\/#breadcrumb"},"inLanguage":"es","potentialAction":[{"@type":"ReadAction","target":["https:\/\/cofesan.com\/index.php\/2026\/04\/30\/cocina-nordica\/"]}]},{"@type":"ImageObject","inLanguage":"es","@id":"https:\/\/cofesan.com\/index.php\/2026\/04\/30\/cocina-nordica\/#primaryimage","url":"https:\/\/cofesan.com\/wp-content\/uploads\/2025\/12\/26-Instagram.jpg","contentUrl":"https:\/\/cofesan.com\/wp-content\/uploads\/2025\/12\/26-Instagram.jpg","width":1200,"height":786},{"@type":"BreadcrumbList","@id":"https:\/\/cofesan.com\/index.php\/2026\/04\/30\/cocina-nordica\/#breadcrumb","itemListElement":[{"@type":"ListItem","position":1,"name":"Portada","item":"https:\/\/cofesan.com\/"},{"@type":"ListItem","position":2,"name":"COCINA N\u00d3RDICA"}]},{"@type":"WebSite","@id":"https:\/\/cofesan.com\/#website","url":"https:\/\/cofesan.com\/","name":"Cocinas Cofesan","description":"Fabricante de muebles de cocina, armarios y ba\u00f1os","publisher":{"@id":"https:\/\/cofesan.com\/#organization"},"potentialAction":[{"@type":"SearchAction","target":{"@type":"EntryPoint","urlTemplate":"https:\/\/cofesan.com\/?s={search_term_string}"},"query-input":{"@type":"PropertyValueSpecification","valueRequired":true,"valueName":"search_term_string"}}],"inLanguage":"es"},{"@type":"Organization","@id":"https:\/\/cofesan.com\/#organization","name":"Cocinas Cofesan","url":"https:\/\/cofesan.com\/","logo":{"@type":"ImageObject","inLanguage":"es","@id":"https:\/\/cofesan.com\/#\/schema\/logo\/image\/","url":"https:\/\/cofesan.com\/wp-content\/uploads\/2023\/03\/cropped-LOGOGESTOR-01-e1770757743939.gif","contentUrl":"https:\/\/cofesan.com\/wp-content\/uploads\/2023\/03\/cropped-LOGOGESTOR-01-e1770757743939.gif","width":312,"height":312,"caption":"Cocinas Cofesan"},"image":{"@id":"https:\/\/cofesan.com\/#\/schema\/logo\/image\/"}},{"@type":"Person","@id":"https:\/\/cofesan.com\/#\/schema\/person\/b474ef51687eb5eb4cbef435c1cc3df9","name":"admin","image":{"@type":"ImageObject","inLanguage":"es","@id":"https:\/\/secure.gravatar.com\/avatar\/929934a252ce80810c0bc1e5c2e1eb43268b713e2bc2e73eaf224108e35e2a7b?s=96&d=mm&r=g","url":"https:\/\/secure.gravatar.com\/avatar\/929934a252ce80810c0bc1e5c2e1eb43268b713e2bc2e73eaf224108e35e2a7b?s=96&d=mm&r=g","contentUrl":"https:\/\/secure.gravatar.com\/avatar\/929934a252ce80810c0bc1e5c2e1eb43268b713e2bc2e73eaf224108e35e2a7b?s=96&d=mm&r=g","caption":"admin"},"sameAs":["https:\/\/cofesan.com"],"url":"https:\/\/cofesan.com\/index.php\/author\/oficina_z6dbnpme\/"}]}},"jetpack_featured_media_url":"https:\/\/cofesan.com\/wp-content\/uploads\/2025\/12\/26-Instagram.jpg","jetpack_sharing_enabled":true,"_links":{"self":[{"href":"https:\/\/cofesan.com\/index.php\/wp-json\/wp\/v2\/posts\/17434","targetHints":{"allow":["GET"]}}],"collection":[{"href":"https:\/\/cofesan.com\/index.php\/wp-json\/wp\/v2\/posts"}],"about":[{"href":"https:\/\/cofesan.com\/index.php\/wp-json\/wp\/v2\/types\/post"}],"author":[{"embeddable":true,"href":"https:\/\/cofesan.com\/index.php\/wp-json\/wp\/v2\/users\/1"}],"replies":[{"embeddable":true,"href":"https:\/\/cofesan.com\/index.php\/wp-json\/wp\/v2\/comments?post=17434"}],"version-history":[{"count":1,"href":"https:\/\/cofesan.com\/index.php\/wp-json\/wp\/v2\/posts\/17434\/revisions"}],"predecessor-version":[{"id":17435,"href":"https:\/\/cofesan.com\/index.php\/wp-json\/wp\/v2\/posts\/17434\/revisions\/17435"}],"wp:featuredmedia":[{"embeddable":true,"href":"https:\/\/cofesan.com\/index.php\/wp-json\/wp\/v2\/media\/17058"}],"wp:attachment":[{"href":"https:\/\/cofesan.com\/index.php\/wp-json\/wp\/v2\/media?parent=17434"}],"wp:term":[{"taxonomy":"category","embeddable":true,"href":"https:\/\/cofesan.com\/index.php\/wp-json\/wp\/v2\/categories?post=17434"},{"taxonomy":"post_tag","embeddable":true,"href":"https:\/\/cofesan.com\/index.php\/wp-json\/wp\/v2\/tags?post=17434"}],"curies":[{"name":"wp","href":"https:\/\/api.w.org\/{rel}","templated":true}]}}